{"id":32472,"date":"2017-08-31T20:24:00","date_gmt":"2017-08-31T20:24:00","guid":{"rendered":"https:\/\/www.capgemini.com\/ar-es\/?p=32472"},"modified":"2025-03-28T10:14:46","modified_gmt":"2025-03-28T10:14:46","slug":"50-anos-pero-jovenes-de-corazon-el-espiritu-del-gradathon","status":"publish","type":"post","link":"https:\/\/www.capgemini.com\/ar-es\/insights\/expert-perspectives\/50-anos-pero-jovenes-de-corazon-el-espiritu-del-gradathon\/","title":{"rendered":"50 a\u00f1os pero j\u00f3venes de coraz\u00f3n\u2014El esp\u00edritu del #Gradathon"},"content":{"rendered":"\n<p><\/p>\n\n\n\n<header class=\"wp-block-cg-blocks-hero-blogs header-hero-blogs\"><div class=\"container\"><div class=\"hero-blogs\"><div class=\"hero-blogs-content-wrapper\"><div class=\"row\"><div class=\"col-12\"><div class=\"header-title\"><h1>50 a\u00f1os pero j\u00f3venes de coraz\u00f3n\u2014El esp\u00edritu del #Gradathon<\/h1><\/div><\/div><\/div><\/div><div class=\"hero-blogs-bottom\"><div class=\"header-author\"><div class=\"author-img\"><img decoding=\"async\" src=\"\/wp-content\/themes\/capgemini2020\/assets\/images\/cg-logo.png?w=200&amp;quality=10\" alt=\"\" loading=\"lazy\"\/><\/div><div class=\"author-name-date\"><h5 class=\"author-name\">Capgemini<\/h5><h5 class=\"blog-date\">2017-08-31<\/h5><\/div><\/div><div class=\"brand-image\"> <\/div><\/div><\/div><\/div><\/header>\n\n\n\n<section class=\"wp-block-cg-blocks-group undefined section section--article-content\"><div class=\"article-main-content\"><div class=\"container\"><div class=\"row\"><div class=\"col-12 col-md-1\"><nav class=\"article-social\"><ul class=\"social-nav\"><li class=\"ip-order-fb\"><a href=\"https:\/\/www.facebook.com\/sharer\/sharer.php?u=https:\/\/www.capgemini.com\/ar-es\/?p=32472\" target=\"_blank\" rel=\"noopener noreferrer\" title=\"abrir en una nueva ventana\"><i aria-hidden=\"true\" class=\"icon-fb\"><\/i><span class=\"sr-only\">Facebook<\/span><\/a><\/li><li class=\"ip-order-tw\"><a href=\"https:\/\/twitter.com\/intent\/tweet?url=https:\/\/www.capgemini.com\/ar-es\/?p=32472&amp;text=\" target=\"_blank\" rel=\"noopener noreferrer\" title=\"abrir en una nueva ventana\"><i aria-hidden=\"true\" class=\"icon-tw\"><\/i><span class=\"sr-only\">Twitter<\/span><\/a><\/li><li class=\"ip-order-li\"><a href=\"https:\/\/www.linkedin.com\/sharing\/share-offsite\/?url=https:\/\/www.capgemini.com\/ar-es\/?p=32472&amp;text=\" target=\"_blank\" rel=\"noopener noreferrer\" title=\"abrir en una nueva ventana\"><i aria-hidden=\"true\" class=\"icon-li\"><\/i><span class=\"sr-only\">Linkedin<\/span><\/a><\/li><\/ul><\/nav><\/div><div class=\"col-12 col-md-11 col-lg-10\"><div class=\"article-text article-quote-text\">\n<h4 class=\"wp-block-heading\" id=\"h-\"><img loading=\"lazy\" decoding=\"async\" src=\"https:\/\/www.capgemini.com\/ar-es\/wp-content\/uploads\/sites\/24\/2017\/09\/c50-gradathon-facebook-profile.jpg?w=828\" alt=\"\" width=\"828\" height=\"315\"><\/h4>\n\n\n\n<h4 class=\"wp-block-heading\" id=\"h-cuando-nuestros-graduados-llegaron-a-capgemini-este-ano-presenciaron-la-energia-de-200-000-empleados-celebrando-el-50-aniversario-de-capgemini-nbsp-a-traves-de-nuestras-oficinas-globales-disfrutando-nuestra-vision-compartida-para-el-futuro-una-celebracion-no-solo-de-anos-sino-de-aventura-innovacion-y-nuevos-horizontes\">Cuando nuestros graduados llegaron a Capgemini este a\u00f1o, presenciaron la energ\u00eda de 200,000 empleados celebrando el <a href=\"http:\/\/www.capgemini50.com\/en\/\">50 aniversario de Capgemini<\/a>&nbsp;a trav\u00e9s de nuestras oficinas globales, disfrutando nuestra visi\u00f3n compartida para el futuro. Una celebraci\u00f3n no s\u00f3lo de a\u00f1os, sino de aventura, innovaci\u00f3n y nuevos horizontes.<\/h4>\n\n\n\n<h4 class=\"wp-block-heading\" id=\"h-mientras-inician-un-nuevo-capitulo-en-sus-carreras-el-tema-que-mas-les-preocupaba-era-como-encontrar-su-lugar-en-una-organizacion-tan-grande-y-madura-sin-importar-a-que-funcion-pais-o-dominio-se-una-en-capgemini-encontrara-un-sinfin-de-oportunidades-para-aprender-experiencias-sin-paralelo-para-crecer-equipos-colaborativos-y-una-amplia-gama-de-proyectos-en-los-que-trabajar\">Mientras inician un nuevo cap\u00edtulo en sus carreras, el tema que m\u00e1s les preocupaba era c\u00f3mo encontrar su lugar en una organizaci\u00f3n tan grande y madura. Sin importar a qu\u00e9 funci\u00f3n, pa\u00eds o dominio se una, en Capgemini encontrar\u00e1 un sinf\u00edn de oportunidades para aprender, experiencias sin paralelo para crecer, equipos colaborativos y una amplia gama de proyectos en los que trabajar.<\/h4>\n\n\n\n<h4 class=\"wp-block-heading\" id=\"h-\"><img loading=\"lazy\" decoding=\"async\" src=\"https:\/\/www.capgemini.com\/ar-es\/wp-content\/uploads\/sites\/24\/2017\/09\/group-1.jpg?w=300\" alt=\"\" width=\"286\" height=\"263\"><\/h4>\n\n\n\n<h4 class=\"wp-block-heading\" id=\"h-nos-enorgullecen-nuestros-programas-de-capacitacion-que-no-solo-le-exponen-a-las-mas-recientes-tecnologias-sino-tambien-permiten-que-nuestros-graduados-nbsp-nutran-su-conocimiento-en-diversas-areas-la-universidad-capgemini-tiene-numerosos-modulos-que-ayudan-a-nuestros-graduados-a-desarrollar-un-entendimiento-profundo-de-las-habilidades-tecnicas-funcionales-y-competencias-sociales\">Nos enorgullecen nuestros programas de capacitaci\u00f3n, que no solo le exponen a las m\u00e1s recientes tecnolog\u00edas, sino tambi\u00e9n permiten que nuestros graduados &nbsp;nutran su conocimiento en diversas \u00e1reas. La Universidad Capgemini tiene numerosos m\u00f3dulos que ayudan a nuestros graduados a desarrollar un entendimiento profundo de las habilidades t\u00e9cnicas, funcionales y competencias sociales.<\/h4>\n\n\n\n<blockquote class=\"wp-block-quote is-layout-flow wp-block-quote-is-layout-flow\">\n<p>Durante el mes de septiembre, le llevaremos al mundo de nuestros graduados de 14 pa\u00edses, donde ser\u00e1 testigo de sus sue\u00f1os, aspiraciones, esperanzas, retos, logros, diversi\u00f3n y aprendizaje. Porque esto es lo que nos mantiene j\u00f3venes de coraz\u00f3n, para construir nuevas aventuras para nuestro Grupo. Tambi\u00e9n escuchar\u00e1 historias sobre c\u00f3mo nos apoyamos y asociamos para construir un ambiente divertido, colaborativo y productivo.<\/p>\n<\/blockquote>\n\n\n\n<h4 class=\"wp-block-heading\" id=\"h-siga-nuestras-redes-sociales-para-formar-parte-del-viaje-gradathon-y-para-conocer-mas-sobre-los-caminos-que-nuestros-graduados-tienen-oportunidad-de-explorar\">Siga nuestras redes sociales para formar parte del viaje #Gradathon y para conocer m\u00e1s sobre los caminos que nuestros graduados tienen oportunidad de explorar.<\/h4>\n\n\n\n<h5 class=\"wp-block-heading\" id=\"h-twitter-https-twitter-com-capgeminimx\">Twitter: <a href=\"https:\/\/twitter.com\/CapgeminiMx\">https:\/\/twitter.com\/CapgeminiMX<\/a><\/h5>\n\n\n\n<h5 class=\"wp-block-heading\" id=\"h-facebook-https-www-facebook-com-capgeminimx\">Facebook: <a href=\"https:\/\/www.facebook.com\/CapgeminiMX\/\">https:\/\/www.facebook.com\/CapgeminiMX<\/a><\/h5>\n\n\n\n<h5 class=\"wp-block-heading\" id=\"h-instagram-https-www-instagram-com-capgemini\">Instagram: <a href=\"https:\/\/www.instagram.com\/capgemini\/\">https:\/\/www.instagram.com\/capgemini\/<\/a><\/h5>\n\n\n\n<h5 class=\"wp-block-heading\" id=\"h-linkedin-nbsp-http-bit-ly-2elysck\">LinkedIn:&nbsp;<a href=\"http:\/\/bit.ly\/2elysCK\">http:\/\/bit.ly\/2elysCK<\/a><\/h5>\n\n\n\n<h4 class=\"wp-block-heading\" id=\"h-algunos-recuerdos-del-gradathon-2016\"><a href=\"https:\/\/storify.com\/MuktaPatil4\/capgeminigradathon2016\">Algunos recuerdos del Gradathon 2016<\/a><\/h4>\n\n\n\n<figure class=\"wp-block-image alignleft\"><img decoding=\"async\" src=\"https:\/\/www.capgemini.com\/ar-es\/wp-content\/uploads\/sites\/24\/2017\/09\/radio-4.png?w=300\" alt=\"\" class=\"wp-image-9541\"\/><\/figure>\n\n\n\n<figure class=\"wp-block-image alignleft\"><img decoding=\"async\" src=\"https:\/\/www.capgemini.com\/ar-es\/wp-content\/uploads\/sites\/24\/2017\/09\/pepper-1.jpg?w=300\" alt=\"\" class=\"wp-image-9542\"\/><\/figure>\n\n\n\n<figure class=\"wp-block-image alignright\"><img decoding=\"async\" src=\"https:\/\/www.capgemini.com\/ar-es\/wp-content\/uploads\/sites\/24\/2017\/09\/curious-5.jpg?w=225\" alt=\"\" class=\"wp-image-9543\"\/><\/figure>\n\n\n\n<figure class=\"wp-block-image\"><img decoding=\"async\" src=\"https:\/\/www.capgemini.com\/ar-es\/wp-content\/uploads\/sites\/24\/2017\/09\/team-1.jpg?w=300\" alt=\"\" class=\"wp-image-9544\"\/><\/figure>\n\n\n\n<p><a href=\"\/cookie-settings\/#cookie-consent\">Permitir cookies estad\u00edsticas para ver esta inserci\u00f3n de YouTube<\/a><\/p>\n<\/div><\/div><\/div><\/div><\/div><\/section>\n","protected":false},"excerpt":{"rendered":"","protected":false},"author":336,"featured_media":32473,"comment_status":"open","ping_status":"closed","sticky":false,"template":"","format":"standard","meta":{"cg_dt_proposed_to":[],"cg_seo_hreflang_relations":"[]","cg_seo_canonical_relation":"","cg_seo_hreflang_x_default_relation":"{\"uuid\":\"9aee2ea3-3057-484b-85a8-f219df3721ac\",\"blogId\":\"\",\"domain\":\"\",\"sitePath\":\"\",\"postLink\":\"\",\"postId\":null,\"isSaved\":false,\"isCrossLink\":false,\"hasCrossLink\":false}","cg_dt_approved_content":true,"cg_dt_mandatory_content":false,"cg_dt_notes":"","cg_dg_source_changed":false,"cg_dt_link_disabled":false,"_yoast_wpseo_primary_brand":"","_jetpack_memberships_contains_paid_content":false,"footnotes":"","featured_focal_points":""},"categories":[1],"tags":[],"brand":[],"service":[],"industry":[],"partners":[],"blog-topic":[],"content-group":[],"class_list":["post-32472","post","type-post","status-publish","format-standard","has-post-thumbnail","hentry","category-uncategorized"],"yoast_head":"<!-- This site is optimized with the Yoast SEO Premium plugin v22.8 (Yoast SEO v22.8) - https:\/\/yoast.com\/wordpress\/plugins\/seo\/ -->\n<title>50 a\u00f1os pero j\u00f3venes de coraz\u00f3n\u2014El esp\u00edritu del #Gradathon - Capgemini Argentina<\/title>\n<meta name=\"robots\" content=\"index, follow, max-snippet:-1, max-image-preview:large, max-video-preview:-1\" \/>\n<link rel=\"canonical\" href=\"https:\/\/www.capgemini.com\/ar-es\/insights\/expert-perspectives\/50-anos-pero-jovenes-de-corazon-el-espiritu-del-gradathon\/\" \/>\n<meta property=\"og:locale\" content=\"es_MX\" \/>\n<meta property=\"og:type\" content=\"article\" \/>\n<meta property=\"og:title\" content=\"50 a\u00f1os pero j\u00f3venes de coraz\u00f3n\u2014El esp\u00edritu del #Gradathon\" \/>\n<meta property=\"og:url\" content=\"https:\/\/www.capgemini.com\/ar-es\/insights\/expert-perspectives\/50-anos-pero-jovenes-de-corazon-el-espiritu-del-gradathon\/\" \/>\n<meta property=\"og:site_name\" content=\"Capgemini Argentina\" \/>\n<meta property=\"article:published_time\" content=\"2017-08-31T20:24:00+00:00\" \/>\n<meta property=\"article:modified_time\" content=\"2025-03-28T10:14:46+00:00\" \/>\n<meta property=\"og:image\" content=\"https:\/\/www.capgemini.com\/ar-es\/wp-content\/uploads\/sites\/9\/2023\/01\/group-3.jpg\" \/>\n\t<meta property=\"og:image:width\" content=\"719\" \/>\n\t<meta property=\"og:image:height\" content=\"615\" \/>\n\t<meta property=\"og:image:type\" content=\"image\/jpeg\" \/>\n<meta name=\"author\" content=\"Capgemini\" \/>\n<meta name=\"twitter:card\" content=\"summary_large_image\" \/>\n<meta name=\"twitter:label1\" content=\"Written by\" \/>\n\t<meta name=\"twitter:data1\" content=\"krishnasingh\" \/>\n\t<meta name=\"twitter:label2\" content=\"Est. reading time\" \/>\n\t<meta name=\"twitter:data2\" content=\"3 minutes\" \/>\n<script type=\"application\/ld+json\" class=\"yoast-schema-graph\">{\"@context\":\"https:\/\/schema.org\",\"@graph\":[{\"@type\":\"WebPage\",\"@id\":\"https:\/\/www.capgemini.com\/ar-es\/insights\/expert-perspectives\/50-anos-pero-jovenes-de-corazon-el-espiritu-del-gradathon\/\",\"url\":\"https:\/\/www.capgemini.com\/ar-es\/insights\/expert-perspectives\/50-anos-pero-jovenes-de-corazon-el-espiritu-del-gradathon\/\",\"name\":\"50 a\u00f1os pero j\u00f3venes de coraz\u00f3n\u2014El esp\u00edritu del #Gradathon - Capgemini Argentina\",\"isPartOf\":{\"@id\":\"https:\/\/www.capgemini.com\/ar-es\/#website\"},\"primaryImageOfPage\":{\"@id\":\"https:\/\/www.capgemini.com\/ar-es\/insights\/expert-perspectives\/50-anos-pero-jovenes-de-corazon-el-espiritu-del-gradathon\/#primaryimage\"},\"image\":{\"@id\":\"https:\/\/www.capgemini.com\/ar-es\/insights\/expert-perspectives\/50-anos-pero-jovenes-de-corazon-el-espiritu-del-gradathon\/#primaryimage\"},\"thumbnailUrl\":\"https:\/\/www.capgemini.com\/ar-es\/wp-content\/uploads\/sites\/9\/2023\/01\/group-3.jpg\",\"datePublished\":\"2017-08-31T20:24:00+00:00\",\"dateModified\":\"2025-03-28T10:14:46+00:00\",\"author\":{\"@id\":\"https:\/\/www.capgemini.com\/ar-es\/#\/schema\/person\/c282b28dcf9c10f58a683ad349573e95\"},\"breadcrumb\":{\"@id\":\"https:\/\/www.capgemini.com\/ar-es\/insights\/expert-perspectives\/50-anos-pero-jovenes-de-corazon-el-espiritu-del-gradathon\/#breadcrumb\"},\"inLanguage\":\"es-MX\",\"potentialAction\":[{\"@type\":\"ReadAction\",\"target\":[\"https:\/\/www.capgemini.com\/ar-es\/insights\/expert-perspectives\/50-anos-pero-jovenes-de-corazon-el-espiritu-del-gradathon\/\"]}]},{\"@type\":\"ImageObject\",\"inLanguage\":\"es-MX\",\"@id\":\"https:\/\/www.capgemini.com\/ar-es\/insights\/expert-perspectives\/50-anos-pero-jovenes-de-corazon-el-espiritu-del-gradathon\/#primaryimage\",\"url\":\"https:\/\/www.capgemini.com\/ar-es\/wp-content\/uploads\/sites\/9\/2023\/01\/group-3.jpg\",\"contentUrl\":\"https:\/\/www.capgemini.com\/ar-es\/wp-content\/uploads\/sites\/9\/2023\/01\/group-3.jpg\",\"width\":719,\"height\":615},{\"@type\":\"BreadcrumbList\",\"@id\":\"https:\/\/www.capgemini.com\/ar-es\/insights\/expert-perspectives\/50-anos-pero-jovenes-de-corazon-el-espiritu-del-gradathon\/#breadcrumb\",\"itemListElement\":[{\"@type\":\"ListItem\",\"position\":1,\"name\":\"Home\",\"item\":\"https:\/\/www.capgemini.com\/ar-es\/\"},{\"@type\":\"ListItem\",\"position\":2,\"name\":\"50 a\u00f1os pero j\u00f3venes de coraz\u00f3n\u2014El esp\u00edritu del #Gradathon\"}]},{\"@type\":\"WebSite\",\"@id\":\"https:\/\/www.capgemini.com\/ar-es\/#website\",\"url\":\"https:\/\/www.capgemini.com\/ar-es\/\",\"name\":\"Capgemini Argentina\",\"description\":\"Capgemini\",\"potentialAction\":[{\"@type\":\"SearchAction\",\"target\":{\"@type\":\"EntryPoint\",\"urlTemplate\":\"https:\/\/www.capgemini.com\/ar-es\/?s={search_term_string}\"},\"query-input\":\"required name=search_term_string\"}],\"inLanguage\":\"es-MX\"},{\"@type\":\"Person\",\"@id\":\"https:\/\/www.capgemini.com\/ar-es\/#\/schema\/person\/c282b28dcf9c10f58a683ad349573e95\",\"name\":\"krishnasingh\",\"url\":\"https:\/\/www.capgemini.com\/ar-es\/author\/krishnasingh\/\"}]}<\/script>\n<!-- \/ Yoast SEO Premium plugin. -->","yoast_head_json":{"title":"50 a\u00f1os pero j\u00f3venes de coraz\u00f3n\u2014El esp\u00edritu del #Gradathon - Capgemini Argentina","robots":{"index":"index","follow":"follow","max-snippet":"max-snippet:-1","max-image-preview":"max-image-preview:large","max-video-preview":"max-video-preview:-1"},"canonical":"https:\/\/www.capgemini.com\/ar-es\/insights\/expert-perspectives\/50-anos-pero-jovenes-de-corazon-el-espiritu-del-gradathon\/","og_locale":"es_MX","og_type":"article","og_title":"50 a\u00f1os pero j\u00f3venes de coraz\u00f3n\u2014El esp\u00edritu del #Gradathon","og_url":"https:\/\/www.capgemini.com\/ar-es\/insights\/expert-perspectives\/50-anos-pero-jovenes-de-corazon-el-espiritu-del-gradathon\/","og_site_name":"Capgemini Argentina","article_published_time":"2017-08-31T20:24:00+00:00","article_modified_time":"2025-03-28T10:14:46+00:00","og_image":[{"width":719,"height":615,"url":"https:\/\/www.capgemini.com\/ar-es\/wp-content\/uploads\/sites\/9\/2023\/01\/group-3.jpg","type":"image\/jpeg"}],"author":"Capgemini","twitter_card":"summary_large_image","twitter_misc":{"Written by":"krishnasingh","Est. reading time":"3 minutes"},"schema":{"@context":"https:\/\/schema.org","@graph":[{"@type":"WebPage","@id":"https:\/\/www.capgemini.com\/ar-es\/insights\/expert-perspectives\/50-anos-pero-jovenes-de-corazon-el-espiritu-del-gradathon\/","url":"https:\/\/www.capgemini.com\/ar-es\/insights\/expert-perspectives\/50-anos-pero-jovenes-de-corazon-el-espiritu-del-gradathon\/","name":"50 a\u00f1os pero j\u00f3venes de coraz\u00f3n\u2014El esp\u00edritu del #Gradathon - Capgemini Argentina","isPartOf":{"@id":"https:\/\/www.capgemini.com\/ar-es\/#website"},"primaryImageOfPage":{"@id":"https:\/\/www.capgemini.com\/ar-es\/insights\/expert-perspectives\/50-anos-pero-jovenes-de-corazon-el-espiritu-del-gradathon\/#primaryimage"},"image":{"@id":"https:\/\/www.capgemini.com\/ar-es\/insights\/expert-perspectives\/50-anos-pero-jovenes-de-corazon-el-espiritu-del-gradathon\/#primaryimage"},"thumbnailUrl":"https:\/\/www.capgemini.com\/ar-es\/wp-content\/uploads\/sites\/9\/2023\/01\/group-3.jpg","datePublished":"2017-08-31T20:24:00+00:00","dateModified":"2025-03-28T10:14:46+00:00","author":{"@id":"https:\/\/www.capgemini.com\/ar-es\/#\/schema\/person\/c282b28dcf9c10f58a683ad349573e95"},"breadcrumb":{"@id":"https:\/\/www.capgemini.com\/ar-es\/insights\/expert-perspectives\/50-anos-pero-jovenes-de-corazon-el-espiritu-del-gradathon\/#breadcrumb"},"inLanguage":"es-MX","potentialAction":[{"@type":"ReadAction","target":["https:\/\/www.capgemini.com\/ar-es\/insights\/expert-perspectives\/50-anos-pero-jovenes-de-corazon-el-espiritu-del-gradathon\/"]}]},{"@type":"ImageObject","inLanguage":"es-MX","@id":"https:\/\/www.capgemini.com\/ar-es\/insights\/expert-perspectives\/50-anos-pero-jovenes-de-corazon-el-espiritu-del-gradathon\/#primaryimage","url":"https:\/\/www.capgemini.com\/ar-es\/wp-content\/uploads\/sites\/9\/2023\/01\/group-3.jpg","contentUrl":"https:\/\/www.capgemini.com\/ar-es\/wp-content\/uploads\/sites\/9\/2023\/01\/group-3.jpg","width":719,"height":615},{"@type":"BreadcrumbList","@id":"https:\/\/www.capgemini.com\/ar-es\/insights\/expert-perspectives\/50-anos-pero-jovenes-de-corazon-el-espiritu-del-gradathon\/#breadcrumb","itemListElement":[{"@type":"ListItem","position":1,"name":"Home","item":"https:\/\/www.capgemini.com\/ar-es\/"},{"@type":"ListItem","position":2,"name":"50 a\u00f1os pero j\u00f3venes de coraz\u00f3n\u2014El esp\u00edritu del #Gradathon"}]},{"@type":"WebSite","@id":"https:\/\/www.capgemini.com\/ar-es\/#website","url":"https:\/\/www.capgemini.com\/ar-es\/","name":"Capgemini Argentina","description":"Capgemini","potentialAction":[{"@type":"SearchAction","target":{"@type":"EntryPoint","urlTemplate":"https:\/\/www.capgemini.com\/ar-es\/?s={search_term_string}"},"query-input":"required name=search_term_string"}],"inLanguage":"es-MX"},{"@type":"Person","@id":"https:\/\/www.capgemini.com\/ar-es\/#\/schema\/person\/c282b28dcf9c10f58a683ad349573e95","name":"krishnasingh","url":"https:\/\/www.capgemini.com\/ar-es\/author\/krishnasingh\/"}]}},"blog_topic_info":[],"taxonomy_info":{"category":[{"id":1,"name":"Uncategorized","slug":"uncategorized"}],"following_users":[{"id":141,"name":"automator","slug":"automator"},{"id":378,"name":"krishnasingh","slug":"krishnasingh"}]},"parsely":{"version":"1.1.0","canonical_url":"https:\/\/capgemini.com\/ar-es\/insights\/expert-perspectives\/50-anos-pero-jovenes-de-corazon-el-espiritu-del-gradathon\/","smart_links":{"inbound":0,"outbound":0},"traffic_boost_suggestions_count":0,"meta":{"@context":"https:\/\/schema.org","@type":"NewsArticle","headline":"50 a\u00f1os pero j\u00f3venes de coraz\u00f3n\u2014El esp\u00edritu del #Gradathon","url":"https:\/\/www.capgemini.com\/ar-es\/insights\/expert-perspectives\/50-anos-pero-jovenes-de-corazon-el-espiritu-del-gradathon\/","mainEntityOfPage":{"@type":"WebPage","@id":"https:\/\/www.capgemini.com\/ar-es\/insights\/expert-perspectives\/50-anos-pero-jovenes-de-corazon-el-espiritu-del-gradathon\/"},"thumbnailUrl":"https:\/\/www.capgemini.com\/ar-es\/wp-content\/uploads\/sites\/9\/2023\/01\/group-3.jpg?w=150&h=150&crop=1","image":{"@type":"ImageObject","url":"https:\/\/www.capgemini.com\/ar-es\/wp-content\/uploads\/sites\/9\/2023\/01\/group-3.jpg"},"articleSection":"Uncategorized","author":[],"creator":[],"publisher":{"@type":"Organization","name":"Capgemini Argentina","logo":""},"keywords":[],"dateCreated":"2017-08-31T20:24:00Z","datePublished":"2017-08-31T20:24:00Z","dateModified":"2025-03-28T10:14:46Z"},"rendered":"<meta name=\"parsely-title\" content=\"50 a\u00f1os pero j\u00f3venes de coraz\u00f3n\u2014El esp\u00edritu del #Gradathon\" \/>\n<meta name=\"parsely-link\" content=\"https:\/\/www.capgemini.com\/ar-es\/insights\/expert-perspectives\/50-anos-pero-jovenes-de-corazon-el-espiritu-del-gradathon\/\" \/>\n<meta name=\"parsely-type\" content=\"post\" \/>\n<meta name=\"parsely-image-url\" content=\"https:\/\/www.capgemini.com\/ar-es\/wp-content\/uploads\/sites\/9\/2023\/01\/group-3.jpg?w=150&amp;h=150&amp;crop=1\" \/>\n<meta name=\"parsely-pub-date\" content=\"2017-08-31T20:24:00Z\" \/>\n<meta name=\"parsely-section\" content=\"Uncategorized\" \/>","tracker_url":"https:\/\/cdn.parsely.com\/keys\/capgemini.com\/p.js"},"jetpack_featured_media_url":"https:\/\/www.capgemini.com\/ar-es\/wp-content\/uploads\/sites\/9\/2023\/01\/group-3.jpg","archive_status":false,"featured_image_src":"https:\/\/www.capgemini.com\/ar-es\/wp-content\/uploads\/sites\/9\/2023\/01\/group-3.jpg","featured_image_alt":"","jetpack_sharing_enabled":true,"distributor_meta":false,"distributor_terms":false,"distributor_media":false,"distributor_original_site_name":"Capgemini Argentina","distributor_original_site_url":"https:\/\/www.capgemini.com\/ar-es","push-errors":false,"featured_image_url":"https:\/\/www.capgemini.com\/ar-es\/wp-content\/uploads\/sites\/9\/2023\/01\/group-3.jpg","_links":{"self":[{"href":"https:\/\/www.capgemini.com\/ar-es\/wp-json\/wp\/v2\/posts\/32472","targetHints":{"allow":["GET"]}}],"collection":[{"href":"https:\/\/www.capgemini.com\/ar-es\/wp-json\/wp\/v2\/posts"}],"about":[{"href":"https:\/\/www.capgemini.com\/ar-es\/wp-json\/wp\/v2\/types\/post"}],"author":[{"embeddable":true,"href":"https:\/\/www.capgemini.com\/ar-es\/wp-json\/wp\/v2\/users\/336"}],"replies":[{"embeddable":true,"href":"https:\/\/www.capgemini.com\/ar-es\/wp-json\/wp\/v2\/comments?post=32472"}],"version-history":[{"count":3,"href":"https:\/\/www.capgemini.com\/ar-es\/wp-json\/wp\/v2\/posts\/32472\/revisions"}],"predecessor-version":[{"id":516501,"href":"https:\/\/www.capgemini.com\/ar-es\/wp-json\/wp\/v2\/posts\/32472\/revisions\/516501"}],"wp:featuredmedia":[{"embeddable":true,"href":"https:\/\/www.capgemini.com\/ar-es\/wp-json\/wp\/v2\/media\/32473"}],"wp:attachment":[{"href":"https:\/\/www.capgemini.com\/ar-es\/wp-json\/wp\/v2\/media?parent=32472"}],"wp:term":[{"taxonomy":"category","embeddable":true,"href":"https:\/\/www.capgemini.com\/ar-es\/wp-json\/wp\/v2\/categories?post=32472"},{"taxonomy":"post_tag","embeddable":true,"href":"https:\/\/www.capgemini.com\/ar-es\/wp-json\/wp\/v2\/tags?post=32472"},{"taxonomy":"brand","embeddable":true,"href":"https:\/\/www.capgemini.com\/ar-es\/wp-json\/wp\/v2\/brand?post=32472"},{"taxonomy":"service","embeddable":true,"href":"https:\/\/www.capgemini.com\/ar-es\/wp-json\/wp\/v2\/service?post=32472"},{"taxonomy":"industry","embeddable":true,"href":"https:\/\/www.capgemini.com\/ar-es\/wp-json\/wp\/v2\/industry?post=32472"},{"taxonomy":"partners","embeddable":true,"href":"https:\/\/www.capgemini.com\/ar-es\/wp-json\/wp\/v2\/partners?post=32472"},{"taxonomy":"blog-topic","embeddable":true,"href":"https:\/\/www.capgemini.com\/ar-es\/wp-json\/wp\/v2\/blog-topic?post=32472"},{"taxonomy":"content-group","embeddable":true,"href":"https:\/\/www.capgemini.com\/ar-es\/wp-json\/wp\/v2\/content-group?post=32472"}],"curies":[{"name":"wp","href":"https:\/\/api.w.org\/{rel}","templated":true}]}}